{"id":3132,"date":"2024-11-29T18:56:00","date_gmt":"2024-11-29T17:56:00","guid":{"rendered":"https:\/\/ws-staging.prolifeeurope.org\/adocao-uma-solucao-alternativa-ao-aborto\/"},"modified":"2025-03-25T15:45:05","modified_gmt":"2025-03-25T14:45:05","slug":"adocao-uma-solucao-alternativa-ao-aborto","status":"publish","type":"post","link":"https:\/\/prolifeeurope.org\/pt-pt\/adocao-uma-solucao-alternativa-ao-aborto\/","title":{"rendered":"Ado\u00e7\u00e3o: uma solu\u00e7\u00e3o alternativa ao aborto"},"content":{"rendered":"\n<p>A ado\u00e7\u00e3o \u00e9 um ato bonito e altru\u00edsta que tem o potencial de mudar vidas para sempre. \u00c9 o processo de criar uma fam\u00edlia permanente para uma crian\u00e7a que precisa de uma, seja porque foi \u00f3rf\u00e3 ou porque os pais biol\u00f3gicos n\u00e3o puderam cuidar dela. Enquanto o aborto p\u00f5e fim \u00e0 vida de uma crian\u00e7a em desenvolvimento, a ado\u00e7\u00e3o oferece a oportunidade de uma gravidez n\u00e3o planeada se transformar num resultado positivo para todas as partes envolvidas. Mas, afinal, quais s\u00e3o os benef\u00edcios da ado\u00e7\u00e3o?   <\/p>\n\n<h3 class=\"wp-block-heading\">A ado\u00e7\u00e3o proporciona a vida a uma crian\u00e7a.<\/h3>\n\n<p>A ado\u00e7\u00e3o permite que uma crian\u00e7a nas\u00e7a e tenha uma oportunidade na vida. Isto \u00e9 significativo porque toda crian\u00e7a tem o direito de sobreviver e ser amada. Uma m\u00e3e biol\u00f3gica que escolhe a ado\u00e7\u00e3o oferece ao seu filho o presente da vida e a oportunidade de crescer numa fam\u00edlia est\u00e1vel e repleta de amor. A crian\u00e7a poder\u00e1 crescer e alcan\u00e7ar seu pleno potencial, algo que n\u00e3o seria poss\u00edvel caso fosse abortada.    <\/p>\n\n<p>A ado\u00e7\u00e3o proporciona \u00e0s crian\u00e7as adotadas um lar seguro e acolhedor, onde estas podem crescer e prosperar. Oferece-lhes os benef\u00edcios de fazer parte de uma fam\u00edlia, como o apoio emocional, estabilidade e o sentimento de perten\u00e7a. As crian\u00e7as adotadas podem tamb\u00e9m beneficiar de um ambiente dom\u00e9stico est\u00e1vel, um lugar seguro para viver, com educa\u00e7\u00e3o e cuidados de sa\u00fade.   <\/p>\n\n<h3 class=\"wp-block-heading\">A ado\u00e7\u00e3o proporciona uma sensa\u00e7\u00e3o de paz.<\/h3>\n\n<p>Quando confrontada com uma gravidez inesperada, uma m\u00e3e biol\u00f3gica pode sentir-se sobrecarregada e preocupada com o seu futuro, assim como com a capacidade de oferecer um futuro est\u00e1vel para o seu filho por nascer; essa incerteza pode levar \u00e0 decis\u00e3o de optar pelo aborto. No entanto, ao escolher a ado\u00e7\u00e3o, pode ficar reconfortada, sabendo que tomou uma decis\u00e3o amorosa e altru\u00edsta para o seu filho, ao coloc\u00e1-lo para ado\u00e7\u00e3o dando-lhe assim a oportunidade de viver uma vida maravilhosa. <\/p>\n\n<p>Al\u00e9m disso, a m\u00e3e biol\u00f3gica pode escolher como conduzir o processo de ado\u00e7\u00e3o. Uma ado\u00e7\u00e3o aberta permite algum n\u00edvel de contato entre a m\u00e3e biol\u00f3gica, os pais adotivos e a crian\u00e7a adotada. Isso pode envolver a partilha de de fotos, cartas, telefonemas e videochamadas<sup> [1]<\/sup>. Quando optam pelo aborto, as m\u00e3es podem ficar para sempre a pensar como teria sido a vida do seu filho, caso n\u00e3o tivessem seguido com o processo abortivo. Portanto, uma das maiores vantagens de uma ado\u00e7\u00e3o aberta em rela\u00e7\u00e3o ao aborto \u00e9 a oportunidade de conhecer o seu filho e acompanh\u00e1-lo enquanto ele cresce e leva uma vida bem-sucedida.     <\/p>\n\n<p>Outro m\u00e9todo de ado\u00e7\u00e3o \u00e9 a ado\u00e7\u00e3o fechada, \u00e0s vezes conhecida como ado\u00e7\u00e3o secreta. Este m\u00e9todo protege a privacidade de ambos os lados, com a m\u00e3e biol\u00f3gica e a fam\u00edlia adotiva sabendo pouco ou nada uma sobre a outra. Tamb\u00e9m significa que n\u00e3o haver\u00e1 contato com a crian\u00e7a ap\u00f3s o processo de ado\u00e7\u00e3o. Manter a ado\u00e7\u00e3o em segredo pode ser necess\u00e1rio em certas situa\u00e7\u00f5es de abuso para proteger a m\u00e3e biol\u00f3gica e o seu beb\u00e9, ao mesmo tempo que evita problemas com membros da fam\u00edlia que n\u00e3o apoiem a decis\u00e3o.   <\/p>\n\n<h3 class=\"wp-block-heading\">Ado\u00e7\u00e3o \u00e9 segura e proporciona alegria aos pais adotivos.<\/h3>\n\n<p>De acordo com a Organiza\u00e7\u00e3o Mundial da Sa\u00fade (OMS), <em>&#8220;a infertilidade \u00e9 um problema de sa\u00fade global que afeta milh\u00f5es de pessoas em idade reprodutiva por todo o mundo&#8230; globalmente, entre 48 milh\u00f5es de casais e 186 milh\u00f5es de indiv\u00edduos t\u00eam infertilidade&#8221;<\/em> <sup>[2]<\/sup>.<\/p>\n\n<p>A ado\u00e7\u00e3o \u00e9 uma escolha realista para fam\u00edlias que t\u00eam dificuldades em conceber um filho, pois permite que realizem o sonho de se tornarem pais. Ao abrir os seus cora\u00e7\u00f5es e lares para uma crian\u00e7a cuja m\u00e3e n\u00e3o pode cuidar dela, os pais adotivos t\u00eam a oportunidade de fazer um impacto positivo e duradouro no mundo. As fam\u00edlias adotivas oferecem \u00e0 crian\u00e7a um ambiente seguro, amoroso e positivo, no qual ela pode crescer sob a prote\u00e7\u00e3o de uma fam\u00edlia afetuosa, eternamente grata por ter o filho que sempre quis. Esse amor e apoio para com a crian\u00e7a oferecido pela fam\u00edlia adotiva pode ter um impacto significativo no seu futuro e bem-estar geral.   <\/p>\n\n<h3 class=\"wp-block-heading\">A ado\u00e7\u00e3o oferece prote\u00e7\u00f5es legais<\/h3>\n\n<p>A ado\u00e7\u00e3o tamb\u00e9m oferece prote\u00e7\u00e3o legal \u00e0s m\u00e3es biol\u00f3gicas e \u00e0s fam\u00edlias adotivas. A ado\u00e7\u00e3o \u00e9 um processo legal no qual os direitos e deveres parentais s\u00e3o transferidos da m\u00e3e biol\u00f3gica para a fam\u00edlia adotiva. Este procedimento garante que a ado\u00e7\u00e3o seja tratada de forma \u00e9tica e legal, proporcionando direitos e prote\u00e7\u00f5es espec\u00edficas a todas as partes envolvidas. Isto assegura tamb\u00e9m a prote\u00e7\u00e3o dos direitos da m\u00e3e biol\u00f3gica e garante que esta possa ter voz durante o processo de ado\u00e7\u00e3o, incluindo determinar o tipo de fam\u00edlia com a qual seu filho deve ser colocado.   <\/p>\n\n<h3 class=\"wp-block-heading\">Conclus\u00e3o<\/h3>\n\n<p>Resumindo, a ado\u00e7\u00e3o \u00e9 uma alternativa saud\u00e1vel ao aborto. Oferece \u00e0s m\u00e3es biol\u00f3gicas a oportunidade de fazer uma escolha positiva para seu filho n\u00e3o nascido, enquanto tamb\u00e9m cuida de seu pr\u00f3prio bem-estar emocional e f\u00edsico. A ado\u00e7\u00e3o proporciona \u00e0s fam\u00edlias a oportunidade de se tornarem pais, oferece prote\u00e7\u00f5es legais para todas as partes envolvidas e tem um impacto positivo na sociedade.<\/p>\n\n<h3 class=\"wp-block-heading\">Bibliografia<\/h3>\n\n<ol class=\"wp-block-list\">\n<li>\u201cTypes of Adoptions.\u201d <a href=\"https:\/\/adopt.org\/types-adoptions#:~:text=Closed%20vs%20open%20adoption%3A\" target=\"_blank\" rel=\"noreferrer noopener\"><em>https:\/\/adopt.org\/types-adoptions#:~:text=Closed%20vs%20open%20adoption%3A<\/em><\/a><em>.<\/em> Accessed 8th Feb. 2023.<\/li>\n\n\n\n<li>World Health Organisation. \u201cInfertility.\u201d <em>Www.who.int<\/em>, World Health Organisation, 2022, <a href=\"http:\/\/www.who.int\/health-topics\/infertility#tab=tab_1\" target=\"_blank\" rel=\"noreferrer noopener\">www.who.int\/health-topics\/infertility#tab=tab_1<\/a>. Accessed 2nd Feb. 2023  <\/li>\n<\/ol>\n","protected":false},"excerpt":{"rendered":"<p>Enquanto o aborto p\u00f5e fim \u00e0 vida de uma crian\u00e7a em desenvolvimento, a ado\u00e7\u00e3o oferece a oportunidade de uma gravidez n\u00e3o planeada se transformar num resultado positivo para todas as partes envolvidas.<\/p>\n<p><\/p>\n","protected":false},"author":14,"featured_media":3134,"comment_status":"open","ping_status":"open","sticky":false,"template":"","format":"standard","meta":{"_acf_changed":false,"_monsterinsights_skip_tracking":false,"_monsterinsights_sitenote_active":false,"_monsterinsights_sitenote_note":"","_monsterinsights_sitenote_category":0,"footnotes":""},"categories":[48],"tags":[],"class_list":["post-3132","post","type-post","status-publish","format-standard","has-post-thumbnail","hentry","category-sem-categoria"],"acf":[],"yoast_head":"<!-- This site is optimized with the Yoast SEO plugin v27.2 - https:\/\/yoast.com\/product\/yoast-seo-wordpress\/ -->\n<title>Ado\u00e7\u00e3o: uma solu\u00e7\u00e3o alternativa ao aborto - ProLife Europe<\/title>\n<meta name=\"description\" content=\"A ado\u00e7\u00e3o \u00e9 um ato bonito e altru\u00edsta que tem o potencial de mudar vidas para sempre.\" \/>\n<meta name=\"robots\" content=\"index, follow, max-snippet:-1, max-image-preview:large, max-video-preview:-1\" \/>\n<link rel=\"canonical\" href=\"https:\/\/prolifeeurope.org\/pt-pt\/adocao-uma-solucao-alternativa-ao-aborto\/\" \/>\n<meta property=\"og:locale\" content=\"pt_PT\" \/>\n<meta property=\"og:type\" content=\"article\" \/>\n<meta property=\"og:title\" content=\"Ado\u00e7\u00e3o: uma solu\u00e7\u00e3o alternativa ao aborto - ProLife Europe\" \/>\n<meta property=\"og:description\" content=\"A ado\u00e7\u00e3o \u00e9 um ato bonito e altru\u00edsta que tem o potencial de mudar vidas para sempre.\" \/>\n<meta property=\"og:url\" content=\"https:\/\/prolifeeurope.org\/pt-pt\/adocao-uma-solucao-alternativa-ao-aborto\/\" \/>\n<meta property=\"og:site_name\" content=\"ProLife Europe\" \/>\n<meta property=\"article:publisher\" content=\"https:\/\/www.facebook.com\/ProLifeEurope\/\" \/>\n<meta property=\"article:published_time\" content=\"2024-11-29T17:56:00+00:00\" \/>\n<meta property=\"article:modified_time\" content=\"2025-03-25T14:45:05+00:00\" \/>\n<meta property=\"og:image\" content=\"https:\/\/prolifeeurope.org\/wp-content\/uploads\/2024\/11\/adoption-ple-blog.jpg\" \/>\n\t<meta property=\"og:image:width\" content=\"1500\" \/>\n\t<meta property=\"og:image:height\" content=\"1000\" \/>\n\t<meta property=\"og:image:type\" content=\"image\/jpeg\" \/>\n<meta name=\"author\" content=\"Ewald H\u00f6fler\" \/>\n<meta name=\"twitter:card\" content=\"summary_large_image\" \/>\n<meta name=\"twitter:label1\" content=\"Escrito por\" \/>\n\t<meta name=\"twitter:data1\" content=\"Ewald H\u00f6fler\" \/>\n\t<meta name=\"twitter:label2\" content=\"Tempo estimado de leitura\" \/>\n\t<meta name=\"twitter:data2\" content=\"4 minutos\" \/>\n<script type=\"application\/ld+json\" class=\"yoast-schema-graph\">{\"@context\":\"https:\/\/schema.org\",\"@graph\":[{\"@type\":\"Article\",\"@id\":\"https:\/\/prolifeeurope.org\/pt-pt\/adocao-uma-solucao-alternativa-ao-aborto\/#article\",\"isPartOf\":{\"@id\":\"https:\/\/prolifeeurope.org\/pt-pt\/adocao-uma-solucao-alternativa-ao-aborto\/\"},\"author\":{\"name\":\"Ewald H\u00f6fler\",\"@id\":\"https:\/\/prolifeeurope.org\/pt-pt\/#\/schema\/person\/743ab45e484ae034913e1b36918dbb5a\"},\"headline\":\"Ado\u00e7\u00e3o: uma solu\u00e7\u00e3o alternativa ao aborto\",\"datePublished\":\"2024-11-29T17:56:00+00:00\",\"dateModified\":\"2025-03-25T14:45:05+00:00\",\"mainEntityOfPage\":{\"@id\":\"https:\/\/prolifeeurope.org\/pt-pt\/adocao-uma-solucao-alternativa-ao-aborto\/\"},\"wordCount\":996,\"commentCount\":0,\"publisher\":{\"@id\":\"https:\/\/prolifeeurope.org\/pt-pt\/#organization\"},\"image\":{\"@id\":\"https:\/\/prolifeeurope.org\/pt-pt\/adocao-uma-solucao-alternativa-ao-aborto\/#primaryimage\"},\"thumbnailUrl\":\"https:\/\/prolifeeurope.org\/wp-content\/uploads\/2024\/11\/adoption-ple-blog.jpg\",\"inLanguage\":\"pt-PT\",\"potentialAction\":[{\"@type\":\"CommentAction\",\"name\":\"Comment\",\"target\":[\"https:\/\/prolifeeurope.org\/pt-pt\/adocao-uma-solucao-alternativa-ao-aborto\/#respond\"]}]},{\"@type\":\"WebPage\",\"@id\":\"https:\/\/prolifeeurope.org\/pt-pt\/adocao-uma-solucao-alternativa-ao-aborto\/\",\"url\":\"https:\/\/prolifeeurope.org\/pt-pt\/adocao-uma-solucao-alternativa-ao-aborto\/\",\"name\":\"Ado\u00e7\u00e3o: uma solu\u00e7\u00e3o alternativa ao aborto - ProLife Europe\",\"isPartOf\":{\"@id\":\"https:\/\/prolifeeurope.org\/pt-pt\/#website\"},\"primaryImageOfPage\":{\"@id\":\"https:\/\/prolifeeurope.org\/pt-pt\/adocao-uma-solucao-alternativa-ao-aborto\/#primaryimage\"},\"image\":{\"@id\":\"https:\/\/prolifeeurope.org\/pt-pt\/adocao-uma-solucao-alternativa-ao-aborto\/#primaryimage\"},\"thumbnailUrl\":\"https:\/\/prolifeeurope.org\/wp-content\/uploads\/2024\/11\/adoption-ple-blog.jpg\",\"datePublished\":\"2024-11-29T17:56:00+00:00\",\"dateModified\":\"2025-03-25T14:45:05+00:00\",\"description\":\"A ado\u00e7\u00e3o \u00e9 um ato bonito e altru\u00edsta que tem o potencial de mudar vidas para sempre.\",\"breadcrumb\":{\"@id\":\"https:\/\/prolifeeurope.org\/pt-pt\/adocao-uma-solucao-alternativa-ao-aborto\/#breadcrumb\"},\"inLanguage\":\"pt-PT\",\"potentialAction\":[{\"@type\":\"ReadAction\",\"target\":[\"https:\/\/prolifeeurope.org\/pt-pt\/adocao-uma-solucao-alternativa-ao-aborto\/\"]}]},{\"@type\":\"ImageObject\",\"inLanguage\":\"pt-PT\",\"@id\":\"https:\/\/prolifeeurope.org\/pt-pt\/adocao-uma-solucao-alternativa-ao-aborto\/#primaryimage\",\"url\":\"https:\/\/prolifeeurope.org\/wp-content\/uploads\/2024\/11\/adoption-ple-blog.jpg\",\"contentUrl\":\"https:\/\/prolifeeurope.org\/wp-content\/uploads\/2024\/11\/adoption-ple-blog.jpg\",\"width\":1500,\"height\":1000},{\"@type\":\"BreadcrumbList\",\"@id\":\"https:\/\/prolifeeurope.org\/pt-pt\/adocao-uma-solucao-alternativa-ao-aborto\/#breadcrumb\",\"itemListElement\":[{\"@type\":\"ListItem\",\"position\":1,\"name\":\"Home\",\"item\":\"https:\/\/prolifeeurope.org\/pt-pt\/\"},{\"@type\":\"ListItem\",\"position\":2,\"name\":\"Ado\u00e7\u00e3o: uma solu\u00e7\u00e3o alternativa ao aborto\"}]},{\"@type\":\"WebSite\",\"@id\":\"https:\/\/prolifeeurope.org\/pt-pt\/#website\",\"url\":\"https:\/\/prolifeeurope.org\/pt-pt\/\",\"name\":\"ProLife Europe\",\"description\":\"\",\"publisher\":{\"@id\":\"https:\/\/prolifeeurope.org\/pt-pt\/#organization\"},\"potentialAction\":[{\"@type\":\"SearchAction\",\"target\":{\"@type\":\"EntryPoint\",\"urlTemplate\":\"https:\/\/prolifeeurope.org\/pt-pt\/?s={search_term_string}\"},\"query-input\":{\"@type\":\"PropertyValueSpecification\",\"valueRequired\":true,\"valueName\":\"search_term_string\"}}],\"inLanguage\":\"pt-PT\"},{\"@type\":\"Organization\",\"@id\":\"https:\/\/prolifeeurope.org\/pt-pt\/#organization\",\"name\":\"ProLife Europe\",\"url\":\"https:\/\/prolifeeurope.org\/pt-pt\/\",\"logo\":{\"@type\":\"ImageObject\",\"inLanguage\":\"pt-PT\",\"@id\":\"https:\/\/prolifeeurope.org\/pt-pt\/#\/schema\/logo\/image\/\",\"url\":\"https:\/\/prolifeeurope.org\/wp-content\/uploads\/2024\/11\/logo-3.svg\",\"contentUrl\":\"https:\/\/prolifeeurope.org\/wp-content\/uploads\/2024\/11\/logo-3.svg\",\"width\":166,\"height\":170,\"caption\":\"ProLife Europe\"},\"image\":{\"@id\":\"https:\/\/prolifeeurope.org\/pt-pt\/#\/schema\/logo\/image\/\"},\"sameAs\":[\"https:\/\/www.facebook.com\/ProLifeEurope\/\",\"https:\/\/www.instagram.com\/prolife_europe\/\",\"https:\/\/www.youtube.com\/channel\/UC7olgmdiSVEHZUiP554XozA\"]},{\"@type\":\"Person\",\"@id\":\"https:\/\/prolifeeurope.org\/pt-pt\/#\/schema\/person\/743ab45e484ae034913e1b36918dbb5a\",\"name\":\"Ewald H\u00f6fler\",\"image\":{\"@type\":\"ImageObject\",\"inLanguage\":\"pt-PT\",\"@id\":\"https:\/\/secure.gravatar.com\/avatar\/e08131ac28f99cef58973844fb050225c5c9723794937059645fcb0488ac0290?s=96&d=mm&r=g\",\"url\":\"https:\/\/secure.gravatar.com\/avatar\/e08131ac28f99cef58973844fb050225c5c9723794937059645fcb0488ac0290?s=96&d=mm&r=g\",\"contentUrl\":\"https:\/\/secure.gravatar.com\/avatar\/e08131ac28f99cef58973844fb050225c5c9723794937059645fcb0488ac0290?s=96&d=mm&r=g\",\"caption\":\"Ewald H\u00f6fler\"},\"url\":\"https:\/\/prolifeeurope.org\/pt-pt\/author\/ewald_ywwzugxqba\/\"}]}<\/script>\n<!-- \/ Yoast SEO plugin. -->","yoast_head_json":{"title":"Ado\u00e7\u00e3o: uma solu\u00e7\u00e3o alternativa ao aborto - ProLife Europe","description":"A ado\u00e7\u00e3o \u00e9 um ato bonito e altru\u00edsta que tem o potencial de mudar vidas para sempre.","robots":{"index":"index","follow":"follow","max-snippet":"max-snippet:-1","max-image-preview":"max-image-preview:large","max-video-preview":"max-video-preview:-1"},"canonical":"https:\/\/prolifeeurope.org\/pt-pt\/adocao-uma-solucao-alternativa-ao-aborto\/","og_locale":"pt_PT","og_type":"article","og_title":"Ado\u00e7\u00e3o: uma solu\u00e7\u00e3o alternativa ao aborto - ProLife Europe","og_description":"A ado\u00e7\u00e3o \u00e9 um ato bonito e altru\u00edsta que tem o potencial de mudar vidas para sempre.","og_url":"https:\/\/prolifeeurope.org\/pt-pt\/adocao-uma-solucao-alternativa-ao-aborto\/","og_site_name":"ProLife Europe","article_publisher":"https:\/\/www.facebook.com\/ProLifeEurope\/","article_published_time":"2024-11-29T17:56:00+00:00","article_modified_time":"2025-03-25T14:45:05+00:00","og_image":[{"width":1500,"height":1000,"url":"https:\/\/prolifeeurope.org\/wp-content\/uploads\/2024\/11\/adoption-ple-blog.jpg","type":"image\/jpeg"}],"author":"Ewald H\u00f6fler","twitter_card":"summary_large_image","twitter_misc":{"Escrito por":"Ewald H\u00f6fler","Tempo estimado de leitura":"4 minutos"},"schema":{"@context":"https:\/\/schema.org","@graph":[{"@type":"Article","@id":"https:\/\/prolifeeurope.org\/pt-pt\/adocao-uma-solucao-alternativa-ao-aborto\/#article","isPartOf":{"@id":"https:\/\/prolifeeurope.org\/pt-pt\/adocao-uma-solucao-alternativa-ao-aborto\/"},"author":{"name":"Ewald H\u00f6fler","@id":"https:\/\/prolifeeurope.org\/pt-pt\/#\/schema\/person\/743ab45e484ae034913e1b36918dbb5a"},"headline":"Ado\u00e7\u00e3o: uma solu\u00e7\u00e3o alternativa ao aborto","datePublished":"2024-11-29T17:56:00+00:00","dateModified":"2025-03-25T14:45:05+00:00","mainEntityOfPage":{"@id":"https:\/\/prolifeeurope.org\/pt-pt\/adocao-uma-solucao-alternativa-ao-aborto\/"},"wordCount":996,"commentCount":0,"publisher":{"@id":"https:\/\/prolifeeurope.org\/pt-pt\/#organization"},"image":{"@id":"https:\/\/prolifeeurope.org\/pt-pt\/adocao-uma-solucao-alternativa-ao-aborto\/#primaryimage"},"thumbnailUrl":"https:\/\/prolifeeurope.org\/wp-content\/uploads\/2024\/11\/adoption-ple-blog.jpg","inLanguage":"pt-PT","potentialAction":[{"@type":"CommentAction","name":"Comment","target":["https:\/\/prolifeeurope.org\/pt-pt\/adocao-uma-solucao-alternativa-ao-aborto\/#respond"]}]},{"@type":"WebPage","@id":"https:\/\/prolifeeurope.org\/pt-pt\/adocao-uma-solucao-alternativa-ao-aborto\/","url":"https:\/\/prolifeeurope.org\/pt-pt\/adocao-uma-solucao-alternativa-ao-aborto\/","name":"Ado\u00e7\u00e3o: uma solu\u00e7\u00e3o alternativa ao aborto - ProLife Europe","isPartOf":{"@id":"https:\/\/prolifeeurope.org\/pt-pt\/#website"},"primaryImageOfPage":{"@id":"https:\/\/prolifeeurope.org\/pt-pt\/adocao-uma-solucao-alternativa-ao-aborto\/#primaryimage"},"image":{"@id":"https:\/\/prolifeeurope.org\/pt-pt\/adocao-uma-solucao-alternativa-ao-aborto\/#primaryimage"},"thumbnailUrl":"https:\/\/prolifeeurope.org\/wp-content\/uploads\/2024\/11\/adoption-ple-blog.jpg","datePublished":"2024-11-29T17:56:00+00:00","dateModified":"2025-03-25T14:45:05+00:00","description":"A ado\u00e7\u00e3o \u00e9 um ato bonito e altru\u00edsta que tem o potencial de mudar vidas para sempre.","breadcrumb":{"@id":"https:\/\/prolifeeurope.org\/pt-pt\/adocao-uma-solucao-alternativa-ao-aborto\/#breadcrumb"},"inLanguage":"pt-PT","potentialAction":[{"@type":"ReadAction","target":["https:\/\/prolifeeurope.org\/pt-pt\/adocao-uma-solucao-alternativa-ao-aborto\/"]}]},{"@type":"ImageObject","inLanguage":"pt-PT","@id":"https:\/\/prolifeeurope.org\/pt-pt\/adocao-uma-solucao-alternativa-ao-aborto\/#primaryimage","url":"https:\/\/prolifeeurope.org\/wp-content\/uploads\/2024\/11\/adoption-ple-blog.jpg","contentUrl":"https:\/\/prolifeeurope.org\/wp-content\/uploads\/2024\/11\/adoption-ple-blog.jpg","width":1500,"height":1000},{"@type":"BreadcrumbList","@id":"https:\/\/prolifeeurope.org\/pt-pt\/adocao-uma-solucao-alternativa-ao-aborto\/#breadcrumb","itemListElement":[{"@type":"ListItem","position":1,"name":"Home","item":"https:\/\/prolifeeurope.org\/pt-pt\/"},{"@type":"ListItem","position":2,"name":"Ado\u00e7\u00e3o: uma solu\u00e7\u00e3o alternativa ao aborto"}]},{"@type":"WebSite","@id":"https:\/\/prolifeeurope.org\/pt-pt\/#website","url":"https:\/\/prolifeeurope.org\/pt-pt\/","name":"ProLife Europe","description":"","publisher":{"@id":"https:\/\/prolifeeurope.org\/pt-pt\/#organization"},"potentialAction":[{"@type":"SearchAction","target":{"@type":"EntryPoint","urlTemplate":"https:\/\/prolifeeurope.org\/pt-pt\/?s={search_term_string}"},"query-input":{"@type":"PropertyValueSpecification","valueRequired":true,"valueName":"search_term_string"}}],"inLanguage":"pt-PT"},{"@type":"Organization","@id":"https:\/\/prolifeeurope.org\/pt-pt\/#organization","name":"ProLife Europe","url":"https:\/\/prolifeeurope.org\/pt-pt\/","logo":{"@type":"ImageObject","inLanguage":"pt-PT","@id":"https:\/\/prolifeeurope.org\/pt-pt\/#\/schema\/logo\/image\/","url":"https:\/\/prolifeeurope.org\/wp-content\/uploads\/2024\/11\/logo-3.svg","contentUrl":"https:\/\/prolifeeurope.org\/wp-content\/uploads\/2024\/11\/logo-3.svg","width":166,"height":170,"caption":"ProLife Europe"},"image":{"@id":"https:\/\/prolifeeurope.org\/pt-pt\/#\/schema\/logo\/image\/"},"sameAs":["https:\/\/www.facebook.com\/ProLifeEurope\/","https:\/\/www.instagram.com\/prolife_europe\/","https:\/\/www.youtube.com\/channel\/UC7olgmdiSVEHZUiP554XozA"]},{"@type":"Person","@id":"https:\/\/prolifeeurope.org\/pt-pt\/#\/schema\/person\/743ab45e484ae034913e1b36918dbb5a","name":"Ewald H\u00f6fler","image":{"@type":"ImageObject","inLanguage":"pt-PT","@id":"https:\/\/secure.gravatar.com\/avatar\/e08131ac28f99cef58973844fb050225c5c9723794937059645fcb0488ac0290?s=96&d=mm&r=g","url":"https:\/\/secure.gravatar.com\/avatar\/e08131ac28f99cef58973844fb050225c5c9723794937059645fcb0488ac0290?s=96&d=mm&r=g","contentUrl":"https:\/\/secure.gravatar.com\/avatar\/e08131ac28f99cef58973844fb050225c5c9723794937059645fcb0488ac0290?s=96&d=mm&r=g","caption":"Ewald H\u00f6fler"},"url":"https:\/\/prolifeeurope.org\/pt-pt\/author\/ewald_ywwzugxqba\/"}]}},"_links":{"self":[{"href":"https:\/\/prolifeeurope.org\/pt-pt\/wp-json\/wp\/v2\/posts\/3132","targetHints":{"allow":["GET"]}}],"collection":[{"href":"https:\/\/prolifeeurope.org\/pt-pt\/wp-json\/wp\/v2\/posts"}],"about":[{"href":"https:\/\/prolifeeurope.org\/pt-pt\/wp-json\/wp\/v2\/types\/post"}],"author":[{"embeddable":true,"href":"https:\/\/prolifeeurope.org\/pt-pt\/wp-json\/wp\/v2\/users\/14"}],"replies":[{"embeddable":true,"href":"https:\/\/prolifeeurope.org\/pt-pt\/wp-json\/wp\/v2\/comments?post=3132"}],"version-history":[{"count":2,"href":"https:\/\/prolifeeurope.org\/pt-pt\/wp-json\/wp\/v2\/posts\/3132\/revisions"}],"predecessor-version":[{"id":3224,"href":"https:\/\/prolifeeurope.org\/pt-pt\/wp-json\/wp\/v2\/posts\/3132\/revisions\/3224"}],"wp:featuredmedia":[{"embeddable":true,"href":"https:\/\/prolifeeurope.org\/pt-pt\/wp-json\/wp\/v2\/media\/3134"}],"wp:attachment":[{"href":"https:\/\/prolifeeurope.org\/pt-pt\/wp-json\/wp\/v2\/media?parent=3132"}],"wp:term":[{"taxonomy":"category","embeddable":true,"href":"https:\/\/prolifeeurope.org\/pt-pt\/wp-json\/wp\/v2\/categories?post=3132"},{"taxonomy":"post_tag","embeddable":true,"href":"https:\/\/prolifeeurope.org\/pt-pt\/wp-json\/wp\/v2\/tags?post=3132"}],"curies":[{"name":"wp","href":"https:\/\/api.w.org\/{rel}","templated":true}]}}