{"id":3124,"date":"2024-12-01T15:12:18","date_gmt":"2024-12-01T14:12:18","guid":{"rendered":"https:\/\/ws-staging.prolifeeurope.org\/historia-do-aborto\/"},"modified":"2025-03-25T15:44:02","modified_gmt":"2025-03-25T14:44:02","slug":"historia-do-aborto","status":"publish","type":"post","link":"https:\/\/prolifeeurope.org\/pt-pt\/historia-do-aborto\/","title":{"rendered":"Hist\u00f3ria do Aborto"},"content":{"rendered":"\n<p>A pr\u00e1tica do aborto \u00e9 um dos temas sociais mais debatidos do nosso tempo. No entanto, a hist\u00f3ria do aborto remonta h\u00e1 pelo menos quatro mil\u00e9nios. Voltemos atr\u00e1s no tempo, at\u00e9 \u00e0s primeiras civiliza\u00e7\u00f5es antigas, que j\u00e1 naquela \u00e9poca estavam familiarizadas com esta quest\u00e3o controversa.  <\/p>\n\n<figure class=\"wp-block-image aligncenter size-large is-resized is-style-default\"><img loading=\"lazy\" decoding=\"async\" width=\"758\" height=\"1024\" src=\"https:\/\/prolifeeurope.org\/wp-content\/uploads\/2024\/12\/Egyptian_18th_Dynasty_-_Fragment_of_the_Ebers_Papyrus_New_Kingdom_c1550_BC_papyrus-758x1024.jpg\" alt=\"\" class=\"wp-image-1342\" style=\"width:400px\" srcset=\"https:\/\/prolifeeurope.org\/wp-content\/uploads\/2024\/12\/Egyptian_18th_Dynasty_-_Fragment_of_the_Ebers_Papyrus_New_Kingdom_c1550_BC_papyrus-758x1024.jpg 758w, https:\/\/prolifeeurope.org\/wp-content\/uploads\/2024\/12\/Egyptian_18th_Dynasty_-_Fragment_of_the_Ebers_Papyrus_New_Kingdom_c1550_BC_papyrus-222x300.jpg 222w, https:\/\/prolifeeurope.org\/wp-content\/uploads\/2024\/12\/Egyptian_18th_Dynasty_-_Fragment_of_the_Ebers_Papyrus_New_Kingdom_c1550_BC_papyrus-768x1037.jpg 768w, https:\/\/prolifeeurope.org\/wp-content\/uploads\/2024\/12\/Egyptian_18th_Dynasty_-_Fragment_of_the_Ebers_Papyrus_New_Kingdom_c1550_BC_papyrus.jpg 933w\" sizes=\"auto, (max-width: 758px) 100vw, 758px\" \/><\/figure>\n\n<p>As civiliza\u00e7\u00f5es humanas mais antigas, cuja exist\u00eancia estava estritamente ligada a valores religiosos e morais espec\u00edficos, viam a interrup\u00e7\u00e3o induzida (deliberada) da gravidez como uma grave transgress\u00e3o \u00e9tica e religiosa, e nalguns casos at\u00e9 como um homic\u00eddio. Ainda assim, em raras ocasi\u00f5es, os abortos eram realizados na maioria das culturas antigas atrav\u00e9s de meios n\u00e3o cir\u00fargicos, como o jejum, a sangria e exerc\u00edcios f\u00edsicos extremos.<sup>[1]<br\/><\/sup>A primeira evid\u00eancia de um aborto induzido por meios m\u00e9dicos foi encontrada num papiro eg\u00edpcio de 1550 a.C., que tamb\u00e9m continha diversos outros temas ginecol\u00f3gicos.<sup>[2] <\/sup>Como o aborto j\u00e1 era praticado naquela \u00e9poca, surgiu a necessidade de regulamenta\u00e7\u00e3o espec\u00edfica. Manuscritos arqueol\u00f3gicos da China e do Egito antigos cont\u00eam as primeiras leis gerais sobre regula\u00e7\u00e3o reprodutiva, permitindo o aborto em casos raros e com o uso de ervas abortivas. Quando uma gravidez era interrompida por uma mulher sem o consentimento do marido, aplicavam-se penas severas.   <sup>[3]<\/sup><\/p>\n\n<figure class=\"wp-block-image aligncenter size-full is-resized\"><img loading=\"lazy\" decoding=\"async\" width=\"300\" height=\"303\" src=\"https:\/\/prolifeeurope.org\/wp-content\/uploads\/2024\/12\/ovidio.png\" alt=\"\" class=\"wp-image-1346\" style=\"width:300px\" srcset=\"https:\/\/prolifeeurope.org\/wp-content\/uploads\/2024\/12\/ovidio.png 300w, https:\/\/prolifeeurope.org\/wp-content\/uploads\/2024\/12\/ovidio-297x300.png 297w\" sizes=\"auto, (max-width: 300px) 100vw, 300px\" \/><\/figure>\n\n<p>Os cidad\u00e3os da Roma e da Gr\u00e9cia antigas tamb\u00e9m n\u00e3o eram alheios \u00e0 interrup\u00e7\u00e3o intencional da vida humana antes do nascimento. Os escritos de fil\u00f3sofos de renome, como Plat\u00e3o, Hip\u00f3crates e outros, apresentam uma grande variedade de plantas utilizadas para induzir abortos. M\u00e9dicos gregos e romanos recorriam a curetas, jejum, banhos de ervas e \u00e0 compress\u00e3o do abd\u00f3men para expulsar os membros sem vida do feto como m\u00e9todos comuns de aborto.<sup>[4]<br\/><\/sup>Ainda assim, os m\u00e9dicos da antiguidade tinham de cumprir o &#8220;juramento de Hip\u00f3crates&#8221;, que proibia o uso de pess\u00e1rios para induzir o aborto, e alguns estudiosos interpretavam esse juramento como uma proibi\u00e7\u00e3o mais abrangente do aborto induzido.<sup>[5]<\/sup> O Estado romano via o aborto, de um modo geral, como um mau exemplo para a sociedade romana e uma viola\u00e7\u00e3o dos direitos parentais, sobretudo do direito do pai de gerar descend\u00eancia. Assim, alguns imperadores romanos, como Caracala, puniam m\u00e9dicos e parteiras que praticavam abortos com ex\u00edlio tempor\u00e1rio.<sup>[6] <\/sup>Al\u00e9m disso, escritores romanos como Ov\u00eddio referiam-se ao aborto como um &#8220;costume perverso&#8221;.<sup>[7]<\/sup>   <\/p>\n\n<figure class=\"wp-block-image aligncenter size-full is-resized\"><img loading=\"lazy\" decoding=\"async\" width=\"922\" height=\"679\" src=\"https:\/\/prolifeeurope.org\/wp-content\/uploads\/2024\/12\/medieval-preg.jpg\" alt=\"\" class=\"wp-image-1347\" style=\"width:400px\" srcset=\"https:\/\/prolifeeurope.org\/wp-content\/uploads\/2024\/12\/medieval-preg.jpg 922w, https:\/\/prolifeeurope.org\/wp-content\/uploads\/2024\/12\/medieval-preg-300x221.jpg 300w, https:\/\/prolifeeurope.org\/wp-content\/uploads\/2024\/12\/medieval-preg-768x566.jpg 768w\" sizes=\"auto, (max-width: 922px) 100vw, 922px\" \/><\/figure>\n\n<p>Da Antiguidade Tardia at\u00e9 ao in\u00edcio da era moderna, a Europa foi amplamente moldada pelos valores crist\u00e3os, que procuraram p\u00f4r fim ao aborto induzido nos reinos governados por soberanos crist\u00e3os. Seguiu-se uma longa \u00e9poca de unidade entre o poder secular e religioso, na qual o aborto se tornou \u2013 ainda mais do que antes \u2013 uma pr\u00e1tica muito rara, ocorrendo apenas em locais escondidos. Esta tend\u00eancia manteve-se at\u00e9 ao s\u00e9culo XIX, uma \u00e9poca de regulamenta\u00e7\u00f5es rigorosas contra o aborto desde a conce\u00e7\u00e3o at\u00e9 ao nascimento, devido \u00e0 elevada taxa de mortalidade associada \u00e0 realiza\u00e7\u00e3o de abortos cir\u00fargicos por m\u00e9dicos clandestinos.   <\/p>\n\n<figure class=\"wp-block-image aligncenter size-full\"><img loading=\"lazy\" decoding=\"async\" width=\"512\" height=\"512\" src=\"https:\/\/prolifeeurope.org\/wp-content\/uploads\/2024\/12\/feminists-for-life.jpg\" alt=\"\" class=\"wp-image-1348\" srcset=\"https:\/\/prolifeeurope.org\/wp-content\/uploads\/2024\/12\/feminists-for-life.jpg 512w, https:\/\/prolifeeurope.org\/wp-content\/uploads\/2024\/12\/feminists-for-life-300x300.jpg 300w, https:\/\/prolifeeurope.org\/wp-content\/uploads\/2024\/12\/feminists-for-life-150x150.jpg 150w\" sizes=\"auto, (max-width: 512px) 100vw, 512px\" \/><\/figure>\n\n<p>Com o surgimento da primeira vaga do feminismo no final do s\u00e9culo <sup>XIX<\/sup> e in\u00edcio do s\u00e9culo <sup>XX<\/sup>, uma nova perspetiva sobre o aborto foi criada: as primeiras feministas, como Elizabeth C. Stanton, Susan B. Anthony, Matilda Joslyn Gage, Victoria Woodhull e Alice Paul, desviaram o foco para a responsabilidade dos homens na sociedade. Procurando criar melhores condi\u00e7\u00f5es de vida para as mulheres das classes m\u00e9dia e baixa, estas pioneiras viam o aborto como &#8220;a m\u00e1xima explora\u00e7\u00e3o das mulheres&#8221;, pois consideravam que isso as objetificava como meros instrumentos de prazer, sem dar aos homens a oportunidade de assumirem responsabilidade por elas e pelos seus potenciais filhos.<sup>[8]<br\/><\/sup>Susan B. Anthony acreditava que abortar crian\u00e7as era in\u00fatil, pois n\u00e3o resolvia as causas profundas dos problemas sociais.<sup>[9]<\/sup> J\u00e1 Tennessee Claflin acrescentou: \u201cO aborto \u00e9 apenas um sintoma de uma desordem mais profunda do estado social\u2026\u201d. <sup>[10]<\/sup> Al\u00e9m disso, estas mulheres estavam muito conscientes do perigo dos abortos seletivos com base no sexo, como Alice Paul afirmou: \u201cComo se pode proteger e ajudar as mulheres matando-as quando ainda s\u00e3o beb\u00e9s?\u201d<sup>[11]<\/sup><\/p>\n\n<p>O s\u00e9culo<sup> XX<\/sup> marcou um aumento constante das taxas de aborto devido \u00e0 legaliza\u00e7\u00e3o (ou, pelo menos, \u00e0 descriminaliza\u00e7\u00e3o) em muitos pa\u00edses europeus e \u00e0 produ\u00e7\u00e3o em massa de p\u00edlulas abortivas nas d\u00e9cadas de 1920 e 1930. O primeiro pa\u00eds em territ\u00f3rio europeu a legalizar o aborto foi a RSFSR, em 1920 (mais tarde Uni\u00e3o Sovi\u00e9tica). <sup>[12]<\/sup> Muitos dos pioneiros do aborto vieram do movimento eugenista, que promovia a melhoria das qualidades gen\u00e9ticas da humanidade, ao mesmo tempo que marginalizava grupos de pessoas consideradas &#8220;indesejadas&#8221;. A Planned Parenthood, atualmente a maior organiza\u00e7\u00e3o que promove o aborto e outras t\u00e9cnicas de &#8220;planeamento familiar&#8221;, tem as suas ra\u00edzes na eugenia \u2013 sendo a ginecologista Margaret Sanger a sua fundadora. <sup>[13]<\/sup> Para a Alemanha nazi, o aborto era utilizado por raz\u00f5es eug\u00e9nicas, como a elimina\u00e7\u00e3o de crian\u00e7as com defici\u00eancia e a prole da popula\u00e7\u00e3o &#8220;n\u00e3o-arianos&#8221;.<sup>[14]<\/sup> Ap\u00f3s a Segunda Guerra Mundial, a maioria dos pa\u00edses da Europa Ocidental \u2013 come\u00e7ando pelo Reino Unido \u2013 liberalizou o aborto a partir da d\u00e9cada de 1970, como um dos resultados da revolu\u00e7\u00e3o de 1968. Hoje, o aborto \u00e9 permitido na maioria dos pa\u00edses europeus, mas com diferentes limites de gesta\u00e7\u00e3o. Em 2024, o estado franc\u00eas foi o primeiro pa\u00eds no mundo a incluir o aborto como um direito civil na sua constitui\u00e7\u00e3o nacional.<sup>[15]<\/sup> \u2738<\/p>\n\n<p class=\"has-small-font-size\"><br\/><br\/><strong>[1]<\/strong> Georges Devereux, &#8220;A typological study of abortion in 350 primitive, ancient, and pre-industrial societies.&#8221; In: Harold Rosen (ed.): Abortion in America: Medical, psychiatric, legal, anthropological, and religious considerations (Boston, 1967) <a href=\"https:\/\/www.ncbi.nlm.nih.gov\/nlmcatalog\/100996513\" target=\"_blank\" rel=\"noreferrer noopener\">https:\/\/www.ncbi.nlm.nih.gov\/nlmcatalog\/100996513<\/a>. <br\/><strong>[2]<\/strong> Jeremy M. Norman, \u201cThe Ebers Papyrus, the Most Extensive Record of Ancient Egyptian Medicine,\u201d HistoryofInformation.com, <a href=\"https:\/\/www.historyofinformation.com\/detail.php?id=1353\" target=\"_blank\" rel=\"noreferrer noopener\">https:\/\/www.historyofinformation.com\/detail.php?id=1353<\/a>.<br\/><strong>[3]<\/strong> Carole Joffe, \u201cAbortion and Medicine: A Sociopolitical History\u201c (2009), 1-9.<br\/><strong>[4]<\/strong> John William Klotz, \u201cA Historical Summary of Abortion from Antiquity through Legalization&#8221; (St. Louis,1973)\/Soranus, \u201cGynaecology,\u201d 1.56-1.65.<br\/><strong>[5]<\/strong> John M. Riddle, \u201cContraception and abortion from the ancient world to the Renaissance\u201d (Cambridge, 1992).<br\/><strong>[6]<\/strong> J. Robert Sallares, \u201cAbortion.\u201d In: The Oxford Classical Dictionary (3rd ed.) (Oxford, 2003). <br\/><strong>[7]<\/strong> \u201cAncient Roman Abortions &amp; Christians,\u201d earlychurchhistory.org, https:\/\/earlychurchhistory.org\/medicine\/ancient-roman-abortions-christians\/.<br\/><strong>[8]<\/strong> Angela K. Derr, Mary Krane, &#8220;Feminism and Abortion&#8221;, in: History Today. 49 (8): 34\u201335. <br\/><strong>[9]<\/strong> Anthony, Susan B., <a href=\"https:\/\/web.archive.org\/web\/20190319124548\/http:\/www.prolifequakers.org\/susanb.htm\" target=\"_blank\" rel=\"noreferrer noopener\">&#8220;Marriage and Maternity&#8221;<\/a> in: The Revolution (1869).<br\/><strong>[10]<\/strong> Tennie C. Claflin, \u201cMy Word on Abortion, and other Things\u201d(1871), victoria-woodhull.com, https:\/\/www.victoria-woodhull.com\/wc092300.htm.<br\/><strong>[11]<\/strong> Serrin M. Foster, \u201cWho really marches for Women\u2019s Lives?\u201d, feministsforlife.com, https:\/\/www.feministsforlife.org\/who-really-marches-for-womens-lives\/.<br\/><strong>[12]<\/strong> Heer, David, \u201cAbortion, Contraception, and Population Policy in the Soviet Union\u201d Demography 2 (1965): 531-39.<br\/><strong>[13]<\/strong> Sara McCrea, \u201cEugenics No Matter What?: An Investigation of the Eugenic Origin of Planned Parenthood and its Effect on Contemporary Society.\u201d In: Black &amp; Gold 1\/5 (Wooster, 2015), https:\/\/openworks.wooster.edu\/cgi\/viewcontent.cgi?article=1012&amp;context=blackandgold. <br\/><strong>[14]<\/strong> <a href=\"https:\/\/hdl.loc.gov\/loc.law\/llmlp.2011525364_NT_war-criminals_Vol-IV\" target=\"_blank\" rel=\"noreferrer noopener\"><em>Trials of War Criminals Before the Nuernberg Military Tribunals under Control Council Law No. 10 (Volume 4)<\/em><\/a><em>, 1947, 609-10.<\/em><br\/><strong>[15]<\/strong> George Wright, \u201cFrance makes abortion a constitutional right,\u201d BBC.com, <a href=\"https:\/\/www.bbc.com\/news\/world-europe-68471568\" target=\"_blank\" rel=\"noreferrer noopener\">https:\/\/www.bbc.com\/news\/world-europe-68471568<\/a>.<br\/><br\/><\/p>\n","protected":false},"excerpt":{"rendered":"<p>O aborto \u00e9 um dos temas sociais mais debatidos do nosso tempo. No entanto, a hist\u00f3ria do aborto remonta h\u00e1 pelo menos quatro mil\u00e9nios atr\u00e1s. <\/p>\n","protected":false},"author":14,"featured_media":3126,"comment_status":"open","ping_status":"open","sticky":false,"template":"","format":"standard","meta":{"_acf_changed":false,"_monsterinsights_skip_tracking":false,"_monsterinsights_sitenote_active":false,"_monsterinsights_sitenote_note":"","_monsterinsights_sitenote_category":0,"footnotes":""},"categories":[48],"tags":[],"class_list":["post-3124","post","type-post","status-publish","format-standard","has-post-thumbnail","hentry","category-sem-categoria"],"acf":[],"yoast_head":"<!-- This site is optimized with the Yoast SEO plugin v27.2 - https:\/\/yoast.com\/product\/yoast-seo-wordpress\/ -->\n<title>Hist\u00f3ria do Aborto - ProLife Europe<\/title>\n<meta name=\"description\" content=\"A hist\u00f3ria dos abortos remonta h\u00e1 pelo menos quatro mil\u00e9nios. Como foram percecionados pelas sociedades ao longo do tempo?\" \/>\n<meta name=\"robots\" content=\"index, follow, max-snippet:-1, max-image-preview:large, max-video-preview:-1\" \/>\n<link rel=\"canonical\" href=\"https:\/\/prolifeeurope.org\/pt-pt\/historia-do-aborto\/\" \/>\n<meta property=\"og:locale\" content=\"pt_PT\" \/>\n<meta property=\"og:type\" content=\"article\" \/>\n<meta property=\"og:title\" content=\"Hist\u00f3ria do Aborto - ProLife Europe\" \/>\n<meta property=\"og:description\" content=\"A hist\u00f3ria dos abortos remonta h\u00e1 pelo menos quatro mil\u00e9nios. Como foram percecionados pelas sociedades ao longo do tempo?\" \/>\n<meta property=\"og:url\" content=\"https:\/\/prolifeeurope.org\/pt-pt\/historia-do-aborto\/\" \/>\n<meta property=\"og:site_name\" content=\"ProLife Europe\" \/>\n<meta property=\"article:publisher\" content=\"https:\/\/www.facebook.com\/ProLifeEurope\/\" \/>\n<meta property=\"article:published_time\" content=\"2024-12-01T14:12:18+00:00\" \/>\n<meta property=\"article:modified_time\" content=\"2025-03-25T14:44:02+00:00\" \/>\n<meta property=\"og:image\" content=\"https:\/\/prolifeeurope.org\/wp-content\/uploads\/2024\/12\/history-of-abortion.png\" \/>\n\t<meta property=\"og:image:width\" content=\"960\" \/>\n\t<meta property=\"og:image:height\" content=\"490\" \/>\n\t<meta property=\"og:image:type\" content=\"image\/png\" \/>\n<meta name=\"author\" content=\"Ewald H\u00f6fler\" \/>\n<meta name=\"twitter:card\" content=\"summary_large_image\" \/>\n<meta name=\"twitter:label1\" content=\"Escrito por\" \/>\n\t<meta name=\"twitter:data1\" content=\"Ewald H\u00f6fler\" \/>\n\t<meta name=\"twitter:label2\" content=\"Tempo estimado de leitura\" \/>\n\t<meta name=\"twitter:data2\" content=\"6 minutos\" \/>\n<script type=\"application\/ld+json\" class=\"yoast-schema-graph\">{\"@context\":\"https:\/\/schema.org\",\"@graph\":[{\"@type\":\"Article\",\"@id\":\"https:\/\/prolifeeurope.org\/pt-pt\/historia-do-aborto\/#article\",\"isPartOf\":{\"@id\":\"https:\/\/prolifeeurope.org\/pt-pt\/historia-do-aborto\/\"},\"author\":{\"name\":\"Ewald H\u00f6fler\",\"@id\":\"https:\/\/prolifeeurope.org\/pt-pt\/#\/schema\/person\/743ab45e484ae034913e1b36918dbb5a\"},\"headline\":\"Hist\u00f3ria do Aborto\",\"datePublished\":\"2024-12-01T14:12:18+00:00\",\"dateModified\":\"2025-03-25T14:44:02+00:00\",\"mainEntityOfPage\":{\"@id\":\"https:\/\/prolifeeurope.org\/pt-pt\/historia-do-aborto\/\"},\"wordCount\":1202,\"commentCount\":0,\"publisher\":{\"@id\":\"https:\/\/prolifeeurope.org\/pt-pt\/#organization\"},\"image\":{\"@id\":\"https:\/\/prolifeeurope.org\/pt-pt\/historia-do-aborto\/#primaryimage\"},\"thumbnailUrl\":\"https:\/\/prolifeeurope.org\/wp-content\/uploads\/2024\/12\/history-of-abortion.png\",\"inLanguage\":\"pt-PT\",\"potentialAction\":[{\"@type\":\"CommentAction\",\"name\":\"Comment\",\"target\":[\"https:\/\/prolifeeurope.org\/pt-pt\/historia-do-aborto\/#respond\"]}]},{\"@type\":\"WebPage\",\"@id\":\"https:\/\/prolifeeurope.org\/pt-pt\/historia-do-aborto\/\",\"url\":\"https:\/\/prolifeeurope.org\/pt-pt\/historia-do-aborto\/\",\"name\":\"Hist\u00f3ria do Aborto - ProLife Europe\",\"isPartOf\":{\"@id\":\"https:\/\/prolifeeurope.org\/pt-pt\/#website\"},\"primaryImageOfPage\":{\"@id\":\"https:\/\/prolifeeurope.org\/pt-pt\/historia-do-aborto\/#primaryimage\"},\"image\":{\"@id\":\"https:\/\/prolifeeurope.org\/pt-pt\/historia-do-aborto\/#primaryimage\"},\"thumbnailUrl\":\"https:\/\/prolifeeurope.org\/wp-content\/uploads\/2024\/12\/history-of-abortion.png\",\"datePublished\":\"2024-12-01T14:12:18+00:00\",\"dateModified\":\"2025-03-25T14:44:02+00:00\",\"description\":\"A hist\u00f3ria dos abortos remonta h\u00e1 pelo menos quatro mil\u00e9nios. Como foram percecionados pelas sociedades ao longo do tempo?\",\"breadcrumb\":{\"@id\":\"https:\/\/prolifeeurope.org\/pt-pt\/historia-do-aborto\/#breadcrumb\"},\"inLanguage\":\"pt-PT\",\"potentialAction\":[{\"@type\":\"ReadAction\",\"target\":[\"https:\/\/prolifeeurope.org\/pt-pt\/historia-do-aborto\/\"]}]},{\"@type\":\"ImageObject\",\"inLanguage\":\"pt-PT\",\"@id\":\"https:\/\/prolifeeurope.org\/pt-pt\/historia-do-aborto\/#primaryimage\",\"url\":\"https:\/\/prolifeeurope.org\/wp-content\/uploads\/2024\/12\/history-of-abortion.png\",\"contentUrl\":\"https:\/\/prolifeeurope.org\/wp-content\/uploads\/2024\/12\/history-of-abortion.png\",\"width\":960,\"height\":490},{\"@type\":\"BreadcrumbList\",\"@id\":\"https:\/\/prolifeeurope.org\/pt-pt\/historia-do-aborto\/#breadcrumb\",\"itemListElement\":[{\"@type\":\"ListItem\",\"position\":1,\"name\":\"Home\",\"item\":\"https:\/\/prolifeeurope.org\/pt-pt\/\"},{\"@type\":\"ListItem\",\"position\":2,\"name\":\"Hist\u00f3ria do Aborto\"}]},{\"@type\":\"WebSite\",\"@id\":\"https:\/\/prolifeeurope.org\/pt-pt\/#website\",\"url\":\"https:\/\/prolifeeurope.org\/pt-pt\/\",\"name\":\"ProLife Europe\",\"description\":\"\",\"publisher\":{\"@id\":\"https:\/\/prolifeeurope.org\/pt-pt\/#organization\"},\"potentialAction\":[{\"@type\":\"SearchAction\",\"target\":{\"@type\":\"EntryPoint\",\"urlTemplate\":\"https:\/\/prolifeeurope.org\/pt-pt\/?s={search_term_string}\"},\"query-input\":{\"@type\":\"PropertyValueSpecification\",\"valueRequired\":true,\"valueName\":\"search_term_string\"}}],\"inLanguage\":\"pt-PT\"},{\"@type\":\"Organization\",\"@id\":\"https:\/\/prolifeeurope.org\/pt-pt\/#organization\",\"name\":\"ProLife Europe\",\"url\":\"https:\/\/prolifeeurope.org\/pt-pt\/\",\"logo\":{\"@type\":\"ImageObject\",\"inLanguage\":\"pt-PT\",\"@id\":\"https:\/\/prolifeeurope.org\/pt-pt\/#\/schema\/logo\/image\/\",\"url\":\"https:\/\/prolifeeurope.org\/wp-content\/uploads\/2024\/11\/logo-3.svg\",\"contentUrl\":\"https:\/\/prolifeeurope.org\/wp-content\/uploads\/2024\/11\/logo-3.svg\",\"width\":166,\"height\":170,\"caption\":\"ProLife Europe\"},\"image\":{\"@id\":\"https:\/\/prolifeeurope.org\/pt-pt\/#\/schema\/logo\/image\/\"},\"sameAs\":[\"https:\/\/www.facebook.com\/ProLifeEurope\/\",\"https:\/\/www.instagram.com\/prolife_europe\/\",\"https:\/\/www.youtube.com\/channel\/UC7olgmdiSVEHZUiP554XozA\"]},{\"@type\":\"Person\",\"@id\":\"https:\/\/prolifeeurope.org\/pt-pt\/#\/schema\/person\/743ab45e484ae034913e1b36918dbb5a\",\"name\":\"Ewald H\u00f6fler\",\"image\":{\"@type\":\"ImageObject\",\"inLanguage\":\"pt-PT\",\"@id\":\"https:\/\/secure.gravatar.com\/avatar\/e08131ac28f99cef58973844fb050225c5c9723794937059645fcb0488ac0290?s=96&d=mm&r=g\",\"url\":\"https:\/\/secure.gravatar.com\/avatar\/e08131ac28f99cef58973844fb050225c5c9723794937059645fcb0488ac0290?s=96&d=mm&r=g\",\"contentUrl\":\"https:\/\/secure.gravatar.com\/avatar\/e08131ac28f99cef58973844fb050225c5c9723794937059645fcb0488ac0290?s=96&d=mm&r=g\",\"caption\":\"Ewald H\u00f6fler\"},\"url\":\"https:\/\/prolifeeurope.org\/pt-pt\/author\/ewald_ywwzugxqba\/\"}]}<\/script>\n<!-- \/ Yoast SEO plugin. -->","yoast_head_json":{"title":"Hist\u00f3ria do Aborto - ProLife Europe","description":"A hist\u00f3ria dos abortos remonta h\u00e1 pelo menos quatro mil\u00e9nios. Como foram percecionados pelas sociedades ao longo do tempo?","robots":{"index":"index","follow":"follow","max-snippet":"max-snippet:-1","max-image-preview":"max-image-preview:large","max-video-preview":"max-video-preview:-1"},"canonical":"https:\/\/prolifeeurope.org\/pt-pt\/historia-do-aborto\/","og_locale":"pt_PT","og_type":"article","og_title":"Hist\u00f3ria do Aborto - ProLife Europe","og_description":"A hist\u00f3ria dos abortos remonta h\u00e1 pelo menos quatro mil\u00e9nios. Como foram percecionados pelas sociedades ao longo do tempo?","og_url":"https:\/\/prolifeeurope.org\/pt-pt\/historia-do-aborto\/","og_site_name":"ProLife Europe","article_publisher":"https:\/\/www.facebook.com\/ProLifeEurope\/","article_published_time":"2024-12-01T14:12:18+00:00","article_modified_time":"2025-03-25T14:44:02+00:00","og_image":[{"width":960,"height":490,"url":"https:\/\/prolifeeurope.org\/wp-content\/uploads\/2024\/12\/history-of-abortion.png","type":"image\/png"}],"author":"Ewald H\u00f6fler","twitter_card":"summary_large_image","twitter_misc":{"Escrito por":"Ewald H\u00f6fler","Tempo estimado de leitura":"6 minutos"},"schema":{"@context":"https:\/\/schema.org","@graph":[{"@type":"Article","@id":"https:\/\/prolifeeurope.org\/pt-pt\/historia-do-aborto\/#article","isPartOf":{"@id":"https:\/\/prolifeeurope.org\/pt-pt\/historia-do-aborto\/"},"author":{"name":"Ewald H\u00f6fler","@id":"https:\/\/prolifeeurope.org\/pt-pt\/#\/schema\/person\/743ab45e484ae034913e1b36918dbb5a"},"headline":"Hist\u00f3ria do Aborto","datePublished":"2024-12-01T14:12:18+00:00","dateModified":"2025-03-25T14:44:02+00:00","mainEntityOfPage":{"@id":"https:\/\/prolifeeurope.org\/pt-pt\/historia-do-aborto\/"},"wordCount":1202,"commentCount":0,"publisher":{"@id":"https:\/\/prolifeeurope.org\/pt-pt\/#organization"},"image":{"@id":"https:\/\/prolifeeurope.org\/pt-pt\/historia-do-aborto\/#primaryimage"},"thumbnailUrl":"https:\/\/prolifeeurope.org\/wp-content\/uploads\/2024\/12\/history-of-abortion.png","inLanguage":"pt-PT","potentialAction":[{"@type":"CommentAction","name":"Comment","target":["https:\/\/prolifeeurope.org\/pt-pt\/historia-do-aborto\/#respond"]}]},{"@type":"WebPage","@id":"https:\/\/prolifeeurope.org\/pt-pt\/historia-do-aborto\/","url":"https:\/\/prolifeeurope.org\/pt-pt\/historia-do-aborto\/","name":"Hist\u00f3ria do Aborto - ProLife Europe","isPartOf":{"@id":"https:\/\/prolifeeurope.org\/pt-pt\/#website"},"primaryImageOfPage":{"@id":"https:\/\/prolifeeurope.org\/pt-pt\/historia-do-aborto\/#primaryimage"},"image":{"@id":"https:\/\/prolifeeurope.org\/pt-pt\/historia-do-aborto\/#primaryimage"},"thumbnailUrl":"https:\/\/prolifeeurope.org\/wp-content\/uploads\/2024\/12\/history-of-abortion.png","datePublished":"2024-12-01T14:12:18+00:00","dateModified":"2025-03-25T14:44:02+00:00","description":"A hist\u00f3ria dos abortos remonta h\u00e1 pelo menos quatro mil\u00e9nios. Como foram percecionados pelas sociedades ao longo do tempo?","breadcrumb":{"@id":"https:\/\/prolifeeurope.org\/pt-pt\/historia-do-aborto\/#breadcrumb"},"inLanguage":"pt-PT","potentialAction":[{"@type":"ReadAction","target":["https:\/\/prolifeeurope.org\/pt-pt\/historia-do-aborto\/"]}]},{"@type":"ImageObject","inLanguage":"pt-PT","@id":"https:\/\/prolifeeurope.org\/pt-pt\/historia-do-aborto\/#primaryimage","url":"https:\/\/prolifeeurope.org\/wp-content\/uploads\/2024\/12\/history-of-abortion.png","contentUrl":"https:\/\/prolifeeurope.org\/wp-content\/uploads\/2024\/12\/history-of-abortion.png","width":960,"height":490},{"@type":"BreadcrumbList","@id":"https:\/\/prolifeeurope.org\/pt-pt\/historia-do-aborto\/#breadcrumb","itemListElement":[{"@type":"ListItem","position":1,"name":"Home","item":"https:\/\/prolifeeurope.org\/pt-pt\/"},{"@type":"ListItem","position":2,"name":"Hist\u00f3ria do Aborto"}]},{"@type":"WebSite","@id":"https:\/\/prolifeeurope.org\/pt-pt\/#website","url":"https:\/\/prolifeeurope.org\/pt-pt\/","name":"ProLife Europe","description":"","publisher":{"@id":"https:\/\/prolifeeurope.org\/pt-pt\/#organization"},"potentialAction":[{"@type":"SearchAction","target":{"@type":"EntryPoint","urlTemplate":"https:\/\/prolifeeurope.org\/pt-pt\/?s={search_term_string}"},"query-input":{"@type":"PropertyValueSpecification","valueRequired":true,"valueName":"search_term_string"}}],"inLanguage":"pt-PT"},{"@type":"Organization","@id":"https:\/\/prolifeeurope.org\/pt-pt\/#organization","name":"ProLife Europe","url":"https:\/\/prolifeeurope.org\/pt-pt\/","logo":{"@type":"ImageObject","inLanguage":"pt-PT","@id":"https:\/\/prolifeeurope.org\/pt-pt\/#\/schema\/logo\/image\/","url":"https:\/\/prolifeeurope.org\/wp-content\/uploads\/2024\/11\/logo-3.svg","contentUrl":"https:\/\/prolifeeurope.org\/wp-content\/uploads\/2024\/11\/logo-3.svg","width":166,"height":170,"caption":"ProLife Europe"},"image":{"@id":"https:\/\/prolifeeurope.org\/pt-pt\/#\/schema\/logo\/image\/"},"sameAs":["https:\/\/www.facebook.com\/ProLifeEurope\/","https:\/\/www.instagram.com\/prolife_europe\/","https:\/\/www.youtube.com\/channel\/UC7olgmdiSVEHZUiP554XozA"]},{"@type":"Person","@id":"https:\/\/prolifeeurope.org\/pt-pt\/#\/schema\/person\/743ab45e484ae034913e1b36918dbb5a","name":"Ewald H\u00f6fler","image":{"@type":"ImageObject","inLanguage":"pt-PT","@id":"https:\/\/secure.gravatar.com\/avatar\/e08131ac28f99cef58973844fb050225c5c9723794937059645fcb0488ac0290?s=96&d=mm&r=g","url":"https:\/\/secure.gravatar.com\/avatar\/e08131ac28f99cef58973844fb050225c5c9723794937059645fcb0488ac0290?s=96&d=mm&r=g","contentUrl":"https:\/\/secure.gravatar.com\/avatar\/e08131ac28f99cef58973844fb050225c5c9723794937059645fcb0488ac0290?s=96&d=mm&r=g","caption":"Ewald H\u00f6fler"},"url":"https:\/\/prolifeeurope.org\/pt-pt\/author\/ewald_ywwzugxqba\/"}]}},"_links":{"self":[{"href":"https:\/\/prolifeeurope.org\/pt-pt\/wp-json\/wp\/v2\/posts\/3124","targetHints":{"allow":["GET"]}}],"collection":[{"href":"https:\/\/prolifeeurope.org\/pt-pt\/wp-json\/wp\/v2\/posts"}],"about":[{"href":"https:\/\/prolifeeurope.org\/pt-pt\/wp-json\/wp\/v2\/types\/post"}],"author":[{"embeddable":true,"href":"https:\/\/prolifeeurope.org\/pt-pt\/wp-json\/wp\/v2\/users\/14"}],"replies":[{"embeddable":true,"href":"https:\/\/prolifeeurope.org\/pt-pt\/wp-json\/wp\/v2\/comments?post=3124"}],"version-history":[{"count":2,"href":"https:\/\/prolifeeurope.org\/pt-pt\/wp-json\/wp\/v2\/posts\/3124\/revisions"}],"predecessor-version":[{"id":3223,"href":"https:\/\/prolifeeurope.org\/pt-pt\/wp-json\/wp\/v2\/posts\/3124\/revisions\/3223"}],"wp:featuredmedia":[{"embeddable":true,"href":"https:\/\/prolifeeurope.org\/pt-pt\/wp-json\/wp\/v2\/media\/3126"}],"wp:attachment":[{"href":"https:\/\/prolifeeurope.org\/pt-pt\/wp-json\/wp\/v2\/media?parent=3124"}],"wp:term":[{"taxonomy":"category","embeddable":true,"href":"https:\/\/prolifeeurope.org\/pt-pt\/wp-json\/wp\/v2\/categories?post=3124"},{"taxonomy":"post_tag","embeddable":true,"href":"https:\/\/prolifeeurope.org\/pt-pt\/wp-json\/wp\/v2\/tags?post=3124"}],"curies":[{"name":"wp","href":"https:\/\/api.w.org\/{rel}","templated":true}]}}